{"id":1286,"date":"2020-07-01T10:46:00","date_gmt":"2020-07-01T10:46:00","guid":{"rendered":"http:\/\/foglegeszsegugy.videoton.hu\/?p=1286"},"modified":"2020-09-16T09:24:02","modified_gmt":"2020-09-16T09:24:02","slug":"semmelweis-nap-a-magyar-egeszsegugy-napja","status":"publish","type":"post","link":"https:\/\/foglegeszsegugy.videoton.hu\/index.php\/2020\/07\/01\/semmelweis-nap-a-magyar-egeszsegugy-napja\/","title":{"rendered":"Semmelweis-nap, a magyar eg\u00e9szs\u00e9g\u00fcgy napja"},"content":{"rendered":"\n<p>Minden \u00e9v j\u00falius elseje a magyar eg\u00e9szs\u00e9g\u00fcgy legnagyobb \u00fcnnepe. Ezen a napon sz\u00fcletett Semmelweis Ign\u00e1c, az any\u00e1k megment\u0151je. Semmelweis Ign\u00e1c nev\u00e9t orvost\u00f6rt\u00e9neti m\u00fazeum, eml\u00e9kt\u00e1bla, \u00e9s orvosi egyetem is b\u00fcszk\u00e9n viseli.<br>A magyar eg\u00e9szs\u00e9g\u00fcgy legnagyobb \u00fcnnep\u00e9n az eg\u00e9szs\u00e9g\u00fcgyben dolgoz\u00f3k kitart\u00e1s\u00e1t, munkab\u00edr\u00e1s\u00e1t, elhivatotts\u00e1g\u00e1t m\u00e9ltatjuk. A 2020-as esztend\u0151ben m\u00e9g ink\u00e1bb k\u00f6sz\u00f6nj\u00fck az eg\u00e9szs\u00e9g\u00fcgyben dolgoz\u00f3k \u00f6nfel\u00e1ldoz\u00f3 munk\u00e1j\u00e1t, amit a koronav\u00edrus terjed\u00e9s\u00e9nek megakad\u00e1lyoz\u00e1s\u00e1\u00e9rt tettek\/tesznek!<\/p>\n\n\n\n<figure class=\"wp-block-image size-large is-resized\"><img loading=\"lazy\" decoding=\"async\" src=\"http:\/\/foglegeszsegugy.videoton.hu\/wp-content\/uploads\/2020\/08\/semmelweis_nap-1024x981.jpg\" alt=\"\" class=\"wp-image-1287\" width=\"372\" height=\"356\" srcset=\"https:\/\/foglegeszsegugy.videoton.hu\/wp-content\/uploads\/2020\/08\/semmelweis_nap-1024x981.jpg 1024w, https:\/\/foglegeszsegugy.videoton.hu\/wp-content\/uploads\/2020\/08\/semmelweis_nap-300x287.jpg 300w, https:\/\/foglegeszsegugy.videoton.hu\/wp-content\/uploads\/2020\/08\/semmelweis_nap-768x736.jpg 768w, https:\/\/foglegeszsegugy.videoton.hu\/wp-content\/uploads\/2020\/08\/semmelweis_nap-1536x1471.jpg 1536w, https:\/\/foglegeszsegugy.videoton.hu\/wp-content\/uploads\/2020\/08\/semmelweis_nap-2048x1962.jpg 2048w\" sizes=\"auto, (max-width: 372px) 100vw, 372px\" \/><\/figure>\n","protected":false},"excerpt":{"rendered":"<p>A magyar eg\u00e9szs\u00e9g\u00fcgy legnagyobb \u00fcnnep\u00e9n az eg\u00e9szs\u00e9g\u00fcgyben dolgoz\u00f3k kitart\u00e1s\u00e1t, munkab\u00edr\u00e1s\u00e1t, elhivatotts\u00e1g\u00e1t m\u00e9ltatjuk. A 2020-as esztend\u0151ben m\u00e9g ink\u00e1bb k\u00f6sz\u00f6nj\u00fck az eg\u00e9szs\u00e9g\u00fcgyben dolgoz\u00f3k \u00f6nfel\u00e1ldoz\u00f3 munk\u00e1j\u00e1t, amit a koronav\u00edrus terjed\u00e9s\u00e9nek megakad\u00e1lyoz\u00e1s\u00e1\u00e9rt tettek\/tesznek!<\/p>\n","protected":false},"author":1,"featured_media":1287,"comment_status":"open","ping_status":"open","sticky":false,"template":"","format":"standard","meta":{"footnotes":""},"categories":[4],"tags":[],"class_list":["post-1286","post","type-post","status-publish","format-standard","has-post-thumbnail","hentry","category-tippek"],"_links":{"self":[{"href":"https:\/\/foglegeszsegugy.videoton.hu\/index.php\/wp-json\/wp\/v2\/posts\/1286","targetHints":{"allow":["GET"]}}],"collection":[{"href":"https:\/\/foglegeszsegugy.videoton.hu\/index.php\/wp-json\/wp\/v2\/posts"}],"about":[{"href":"https:\/\/foglegeszsegugy.videoton.hu\/index.php\/wp-json\/wp\/v2\/types\/post"}],"author":[{"embeddable":true,"href":"https:\/\/foglegeszsegugy.videoton.hu\/index.php\/wp-json\/wp\/v2\/users\/1"}],"replies":[{"embeddable":true,"href":"https:\/\/foglegeszsegugy.videoton.hu\/index.php\/wp-json\/wp\/v2\/comments?post=1286"}],"version-history":[{"count":3,"href":"https:\/\/foglegeszsegugy.videoton.hu\/index.php\/wp-json\/wp\/v2\/posts\/1286\/revisions"}],"predecessor-version":[{"id":1297,"href":"https:\/\/foglegeszsegugy.videoton.hu\/index.php\/wp-json\/wp\/v2\/posts\/1286\/revisions\/1297"}],"wp:featuredmedia":[{"embeddable":true,"href":"https:\/\/foglegeszsegugy.videoton.hu\/index.php\/wp-json\/wp\/v2\/media\/1287"}],"wp:attachment":[{"href":"https:\/\/foglegeszsegugy.videoton.hu\/index.php\/wp-json\/wp\/v2\/media?parent=1286"}],"wp:term":[{"taxonomy":"category","embeddable":true,"href":"https:\/\/foglegeszsegugy.videoton.hu\/index.php\/wp-json\/wp\/v2\/categories?post=1286"},{"taxonomy":"post_tag","embeddable":true,"href":"https:\/\/foglegeszsegugy.videoton.hu\/index.php\/wp-json\/wp\/v2\/tags?post=1286"}],"curies":[{"name":"wp","href":"https:\/\/api.w.org\/{rel}","templated":true}]}}