{"id":1837,"date":"2021-01-13T12:36:27","date_gmt":"2021-01-13T12:36:27","guid":{"rendered":"http:\/\/foglegeszsegugy.videoton.hu\/?p=1837"},"modified":"2021-01-13T12:39:52","modified_gmt":"2021-01-13T12:39:52","slug":"7-tevhit-es-teny-a-covid-oltasrol","status":"publish","type":"post","link":"https:\/\/foglegeszsegugy.videoton.hu\/index.php\/2021\/01\/13\/7-tevhit-es-teny-a-covid-oltasrol\/","title":{"rendered":"7 t\u00e9vhit \u00e9s t\u00e9ny a COVID-olt\u00e1sr\u00f3l"},"content":{"rendered":"\n<p>2020. december\u00e9ben az Eur\u00f3pai Uni\u00f3 is enged\u00e9lyezte az els\u0151 COVID fert\u0151z\u00e9s ellen haszn\u00e1lhat\u00f3 v\u00e9d\u0151olt\u00e1st, \u00edgy kar\u00e1csonykor Magyarorsz\u00e1gon is megkezd\u0151dhetett az olt\u00e1si program. A j\u00e1rv\u00e1ny elleni k\u00fczdelemben kulcsfontoss\u00e1g\u00fa, hogy min\u00e9l t\u00f6bben oltass\u00e1k be magukat, sajnos azonban egyre t\u00f6bb f\u00e9linform\u00e1ci\u00f3 \u00e9s \u00e1lh\u00edr kering a COVID-vakcin\u00e1kkal kapcsolatban.<\/p>\n\n\n\n<p><strong>T\u00c9VHIT<\/strong>: A vakcin\u00e1k gyeng\u00edtik az immunrendszert, ez\u00e9rt eg\u00e9szs\u00e9ges embereknek nincs r\u00e1 sz\u00fcks\u00e9g\u00fck.<\/p>\n\n\n\n<p><strong>T\u00c9NY<\/strong>: A v\u00e9d\u0151olt\u00e1sok a fert\u0151z\u0151 betegs\u00e9gek elleni k\u00fczdelem leghat\u00e9konyabb eszk\u00f6zei<\/p>\n\n\n\n<p>A v\u00e9d\u0151olt\u00e1soknak k\u00f6sz\u00f6nhet\u0151, hogy a gyermekkori hal\u00e1loz\u00e1ssal j\u00e1r\u00f3 fert\u0151z\u0151 betegs\u00e9gek a vil\u00e1g legt\u00f6bb r\u00e9sz\u00e9n elt\u0171ntek vagy visszaszorultak (pl. kanyar\u00f3, j\u00e1rv\u00e1nyos gyermekb\u00e9nul\u00e1s).<br>COVID fert\u0151z\u00e9s eset\u00e9n a betegs\u00e9g lefoly\u00e1sa kisz\u00e1m\u00edthatatlan, el\u0151fordulhat, hogy eg\u00e9szs\u00e9ges emberekn\u00e9l is komoly sz\u00f6v\u0151dm\u00e9nyek alakulnak ki, ez\u00e9rt az \u0151 vakcin\u00e1ci\u00f3juk rendk\u00edv\u00fcl fontos.<br>A olt\u00e1sok hat\u00e1s\u00e1ra az immunrendszer \u201eeml\u00e9kszik\u201d arra, hogy mit kell tennie egy esetleges fert\u0151z\u00e9s eset\u00e9n, \u00edgy gyorsabban, \u00e9s betegs\u00e9g t\u00fcneteinek produk\u00e1l\u00e1sa n\u00e9lk\u00fcl k\u00fczdi le a fert\u0151z\u00e9st.<br>Az olt\u00e1sok el\u00f6lt v\u00edrust, vagy a v\u00edrus egyes r\u00e9szeit tartalmazz\u00e1k, fert\u0151z\u00e9st nem okoznak, de a szervezetet a megfelel\u0151 immunv\u00e1lasz ad\u00e1s\u00e1ra stimul\u00e1lj\u00e1k. A leg\u00fajabb rt\u00edpus\u00fa mRNS vakcin\u00e1k (Pfizer\/BioNTech, Moderna) pedig a v\u00edrus speci\u00e1lis feh\u00e9rj\u00e9j\u00e9nek el\u0151\u00e1ll\u00edt\u00e1si k\u00f3dj\u00e1t juttatj\u00e1k a sejtekbe, ily m\u00f3don aktiv\u00e1lj\u00e1k az immunv\u00e1laszt.<\/p>\n\n\n\n<p><strong>T\u00c9VHIT<\/strong>: Ilyen r\u00f6vid id\u0151 alatt nem lehet vakcin\u00e1t kifejleszteni.<\/p>\n\n\n\n<p><strong>T\u00c9NY<\/strong>: A gyors vakcinafejleszt\u00e9shez minden k\u00f6r\u00fclm\u00e9ny adott volt.<\/p>\n\n\n\n<p>A kor\u00e1bban fejlesztett olt\u00e1sok m\u0171k\u00f6d\u00e9si elvei azonosak, \u00edgy azt nem kellett most a COVID eset\u00e9n \u201efeltal\u00e1lni\u201d, a tud\u00f3sok pedig megosztott\u00e1k egym\u00e1ssal az eredm\u00e9nyeiket.<br>A klinikai vizsg\u00e1latokhoz sz\u00fcks\u00e9ges betegsz\u00e1m sajnos adott.<br>A hat\u00f3s\u00e1gok mindent megtettek a gyors\u00edtott enged\u00e9lyeztet\u00e9sek\u00e9rt.<br>A fejleszt\u00e9sekhez sz\u00fcks\u00e9ges p\u00e9nz rendelkez\u00e9sre \u00e1ll.<\/p>\n\n\n\n<p><strong>T\u00c9VHIT<\/strong>: A vakcin\u00e1k vesz\u00e9lyesek, a hossz\u00fa t\u00e1v\u00fa mell\u00e9khat\u00e1sokat nem lehet felm\u00e9rni.<\/p>\n\n\n\n<p><strong>T\u00c9NY<\/strong>: Az olt\u00e1s sokkal kisebb eg\u00e9szs\u00e9g\u00fcgyi kock\u00e1zatot jelent, mint a fert\u0151z\u00e9s<\/p>\n\n\n\n<p>Az olt\u00e1sok megbeteged\u00e9st okoz\u00f3 \u00e9l\u0151 v\u00edrust nem tartalmaznak, \u00edgy COVID fert\u0151z\u00e9st sem okoznak. Megbeteged\u00e9s n\u00e9lk\u00fcl alak\u00edtanak ki v\u00e9detts\u00e9get.<br>A r\u00f6vid t\u00e1v\u00fa mell\u00e9khat\u00e1sok az olt\u00e1s hely\u00e9n, ill. az immunreakci\u00f3 megindul\u00e1sa miatt alakulhatnak ki (pl. b\u0151rp\u00edr, gyenges\u00e9g\u00e9rz\u00e9s), de ezek \u00e1tmenetiek. Az eddig vil\u00e1gszerte beadott t\u00f6bb milli\u00f3 vakcina sor\u00e1n elv\u00e9tve tapasztaltak komolyabb, de kezelhet\u0151 mell\u00e9khat\u00e1sokat.<\/p>\n\n\n\n<p><strong>T\u00c9VHIT<\/strong>: A vakcin\u00e1k enged\u00e9lyeztet\u00e9se sor\u00e1n a politikai szempontok fontosabbak voltak, mint a szakmaiak.<\/p>\n\n\n\n<p><strong>T\u00c9NY<\/strong>: Csak f\u00fcggetlen szakmai szervezetek d\u00f6nthetnek az olt\u00e1sok enged\u00e9lyez\u00e9s\u00e9r\u0151l<\/p>\n\n\n\n<p>A gy\u00f3gyszeriparban a szakmai hiteless\u00e9g a legfontosabb. Ha a gy\u00e1rt\u00f3 nem biztons\u00e1gos, vagy nem hat\u00e9kony vakcin\u00e1t dob piacra, akkor ezt kock\u00e1ztatja.<br>A kifejlesztett olt\u00f3anyagokat \u00f6nk\u00e9ntesek ezrein tesztelik, mire a hat\u00f3s\u00e1gokhoz eljutnak az eredm\u00e9nyek.<br>Nem a politikusok, hanem kiz\u00e1r\u00f3lag az FDA \u00e9s az EMA (European Medicines Agency) hat\u00f3s\u00e1gok d\u00f6nthetnek az eredm\u00e9nyek alapj\u00e1n, hogy kezd\u0151dhet-e egy vakcina t\u00f6meges bead\u00e1sa, vagy sem! \u0150k szint\u00e9n a szakmai hitel\u00fcket kock\u00e1ztatn\u00e1k, ha engedn\u00e9nek a politikai nyom\u00e1snak, vagy a \u201egy\u00f3gyszerlobbinak\u201d.<br>A hat\u00f3s\u00e1gok alaposan \u00e1tn\u00e9zik \u00e9s \u00e9rt\u00e9kelik az eredm\u00e9nyeket, ez alapj\u00e1n d\u00f6ntenek egyes vakcin\u00e1k enged\u00e9lyez\u00e9s\u00e9r\u0151l.<br>Amelyik vakcin\u00e1kat a hat\u00f3s\u00e1gok enged\u00e9lyezt\u00e9k, azok biztons\u00e1gosan haszn\u00e1lhat\u00f3ak, de orvos feladata eld\u00f6nteni, hogy kin\u00e9l melyik vakcina haszn\u00e1lata javasolt.<\/p>\n\n\n\n<p><strong>T\u00c9VHIT<\/strong>: Ha m\u00e1sok beoltatj\u00e1k magukat, akkor nekem m\u00e1r nem kell.<\/p>\n\n\n\n<p><strong>T\u00c9NY<\/strong>: A j\u00e1rv\u00e1ny felsz\u00e1mol\u00e1s\u00e1hoz a lakoss\u00e1g 70%-nak be kell oltatnia mag\u00e1t.<\/p>\n\n\n\n<p>A jelenleg enged\u00e9lyezett vakcin\u00e1k csak a betegs\u00e9get v\u00e9dik ki, a fert\u0151z\u00f6tts\u00e9get nem. Ez val\u00f3sz\u00edn\u0171leg azt jelenti, hogy az olt\u00e1s ut\u00e1n is elkaphatjuk \u00e9s terjeszthetj\u00fck a v\u00edrust, de nem lesz\u00fcnk betegek.<br>Hogy meddig marad vel\u00fcnk a j\u00e1rv\u00e1ny, az nagym\u00e9rt\u00e9kben f\u00fcgg att\u00f3l, hogy h\u00e1nyan oltatj\u00e1k be magukat. Ha kevesen, akkor a COVID m\u00e9g \u00e9vekig vel\u00fcnk marad.<\/p>\n\n\n\n<p><strong>T\u00c9VHIT<\/strong>: Minden ember sz\u00e1m\u00e1ra javasolt az olt\u00e1s.<\/p>\n\n\n\n<p><strong>T\u00c9NY<\/strong>: Minden olt\u00e1s eset\u00e9ben vannak olyan emberek, akiknek nem javasolt a vakcina.<\/p>\n\n\n\n<p>A jelenleg enged\u00e9lyezett Pfizer-BioNtech vakcina bead\u00e1s\u00e1t n\u00e9gy csoport sz\u00e1m\u00e1ra nem javasolj\u00e1k:<br>v\u00e1rand\u00f3sok \u00e9s szoptat\u00f3s any\u00e1k (megfelel\u0151 mennyis\u00e9g\u0171 teszt hi\u00e1ny\u00e1ban)<br>akiknek a k\u00f3rel\u0151zm\u00e9nyben anafilaxi\u00e1s sokk szerepel<br>aki allergi\u00e1s az olt\u00e1s b\u00e1rmely \u00f6sszetev\u0151j\u00e9re<br>aki az olt\u00e1st megel\u0151z\u0151 6 h\u00f3napon bel\u00fcl \u00e1tesett COVID-fert\u0151z\u00e9sen (magyar olt\u00e1si terv szerint)<\/p>\n\n\n\n<p><strong>T\u00c9VHIT<\/strong>: Olt\u00e1s ut\u00e1n m\u00e1r nem kell maszkot hordanom.<\/p>\n\n\n\n<p><strong>T\u00c9NY<\/strong>: A maszkra \u00e9s a t\u00e1vols\u00e1gtart\u00e1sra m\u00e9g egy darabig sz\u00fcks\u00e9g lesz.<\/p>\n\n\n\n<p>Mivel a vakcina csak a betegs\u00e9get v\u00e9di ki, a fert\u0151z\u00f6tts\u00e9get nem, illetve a beoltottak val\u00f3sz\u00edn\u0171leg terjeszthetik a v\u00edrust, \u00edgy a v\u00e9dekez\u0151 int\u00e9zked\u00e9seket mindaddig tartani kell, am\u00edg a ny\u00e1jimmunit\u00e1s ki nem alakul.<\/p>\n\n\n\n<p><strong>VAKCINA STATISZTIKA (2021 janu\u00e1r 12.)<\/strong><br>Az Eur\u00f3pai Uni\u00f3ban jelenleg enged\u00e9lyezett vakcin\u00e1k sz\u00e1ma: 2 (Pfizer\/- BioNTech \u00e9s Moderna)<\/p>\n\n\n\n<p><strong>Beoltott emberek sz\u00e1ma:<\/strong><br>vil\u00e1gban: 28,25 milli\u00f3 f\u0151<br>Magyarorsz\u00e1gon: 71 ezer f\u0151<\/p>\n\n\n\n<p><strong>Jelenleg beoltand\u00f3 csoportok Magyarorsz\u00e1gon:<\/strong><br>eg\u00e9szs\u00e9g\u00fcgyi dolgoz\u00f3k<br>szoci\u00e1lis int\u00e9zm\u00e9nyek dolgoz\u00f3i \u00e9s lak\u00f3i<\/p>\n\n\n\n<p>A cikk a Magyar Tudom\u00e1nyos Akad\u00e9mia, az Eur\u00f3pai Vakcin\u00e1z\u00e1si Inform\u00e1ci\u00f3s Port\u00e1l \u00e9s a P\u00e9csi Tudom\u00e1nyegyetem Virol\u00f3giai Kutat\u00f3csoport anyagai alapj\u00e1n, a VIDEOTON Orvosi Rendel\u0151 szakmai fel\u00fcgyelet\u00e9vel k\u00e9sz\u00fclt.<\/p>\n\n\n\n<figure class=\"wp-block-video\"><video controls src=\"https:\/\/foglegeszsegugy.videoton.hu\/wp-content\/uploads\/2021\/01\/7-tevhit-es-teny-a-covid-oltassal-kapcsolatban.mp4\"><\/video><\/figure>\n","protected":false},"excerpt":{"rendered":"<p>2020. december\u00e9ben az Eur\u00f3pai Uni\u00f3 is enged\u00e9lyezte az els\u0151 COVID fert\u0151z\u00e9s ellen haszn\u00e1lhat\u00f3 v\u00e9d\u0151olt\u00e1st, \u00edgy kar\u00e1csonykor Magyarorsz\u00e1gon is megkezd\u0151dhetett az olt\u00e1si program. A j\u00e1rv\u00e1ny elleni k\u00fczdelemben kulcsfontoss\u00e1g\u00fa, hogy min\u00e9l t\u00f6bben oltass\u00e1k be magukat, sajnos azonban egyre t\u00f6bb f\u00e9linform\u00e1ci\u00f3 \u00e9s \u00e1lh\u00edr kering a COVID-vakcin\u00e1kkal kapcsolatban.<\/p>\n","protected":false},"author":1,"featured_media":1838,"comment_status":"open","ping_status":"open","sticky":false,"template":"","format":"standard","meta":{"footnotes":""},"categories":[1,3,4],"tags":[],"class_list":["post-1837","post","type-post","status-publish","format-standard","has-post-thumbnail","hentry","category-egyeb","category-tajekoztatas","category-tippek"],"_links":{"self":[{"href":"https:\/\/foglegeszsegugy.videoton.hu\/index.php\/wp-json\/wp\/v2\/posts\/1837","targetHints":{"allow":["GET"]}}],"collection":[{"href":"https:\/\/foglegeszsegugy.videoton.hu\/index.php\/wp-json\/wp\/v2\/posts"}],"about":[{"href":"https:\/\/foglegeszsegugy.videoton.hu\/index.php\/wp-json\/wp\/v2\/types\/post"}],"author":[{"embeddable":true,"href":"https:\/\/foglegeszsegugy.videoton.hu\/index.php\/wp-json\/wp\/v2\/users\/1"}],"replies":[{"embeddable":true,"href":"https:\/\/foglegeszsegugy.videoton.hu\/index.php\/wp-json\/wp\/v2\/comments?post=1837"}],"version-history":[{"count":3,"href":"https:\/\/foglegeszsegugy.videoton.hu\/index.php\/wp-json\/wp\/v2\/posts\/1837\/revisions"}],"predecessor-version":[{"id":1842,"href":"https:\/\/foglegeszsegugy.videoton.hu\/index.php\/wp-json\/wp\/v2\/posts\/1837\/revisions\/1842"}],"wp:featuredmedia":[{"embeddable":true,"href":"https:\/\/foglegeszsegugy.videoton.hu\/index.php\/wp-json\/wp\/v2\/media\/1838"}],"wp:attachment":[{"href":"https:\/\/foglegeszsegugy.videoton.hu\/index.php\/wp-json\/wp\/v2\/media?parent=1837"}],"wp:term":[{"taxonomy":"category","embeddable":true,"href":"https:\/\/foglegeszsegugy.videoton.hu\/index.php\/wp-json\/wp\/v2\/categories?post=1837"},{"taxonomy":"post_tag","embeddable":true,"href":"https:\/\/foglegeszsegugy.videoton.hu\/index.php\/wp-json\/wp\/v2\/tags?post=1837"}],"curies":[{"name":"wp","href":"https:\/\/api.w.org\/{rel}","templated":true}]}}