{"id":920,"date":"2020-04-21T09:01:14","date_gmt":"2020-04-21T09:01:14","guid":{"rendered":"http:\/\/foglegeszsegugy.videoton.hu\/?p=920"},"modified":"2020-09-16T09:24:50","modified_gmt":"2020-09-16T09:24:50","slug":"videoton-tippek-karanten-a-kertben","status":"publish","type":"post","link":"https:\/\/foglegeszsegugy.videoton.hu\/index.php\/2020\/04\/21\/videoton-tippek-karanten-a-kertben\/","title":{"rendered":"VIDEOTON Tippek &#8211; Karant\u00e9n a kertben"},"content":{"rendered":"\n<p>1. Gyoml\u00e1l\u00e1s: ilyenkor a legegyszer\u0171bb elt\u00e1vol\u00edtani a fiatalabb gyomokat.<br>2. \u00dcltet\u00e9s, magvet\u00e9s: a gyerekeknek is j\u00f3 m\u00f3ka a magvet\u00e9s. Elvethetj\u00fck a bors\u00f3, a paprika, a paradicsom magj\u00e1t, amibe a gyerekek is bekapcsol\u00f3dhatnak.<br>3. \u00c1t\u00fcltet\u00e9s: a n\u00f6v\u00e9nyek szapor\u00edt\u00e1s\u00e1ra, sz\u00e9tv\u00e1laszt\u00e1s\u00e1ra vagy nagyobb helyre val\u00f3 telep\u00edt\u00e9s\u00e9re a tavasz az ide\u00e1lis id\u0151szak.<br>4. Metsz\u00e9s: fontos, hogy kezelhet\u0151 m\u00e9ret\u0171 maradjon a n\u00f6v\u00e9ny \u00e9s sok finom gy\u00fcm\u00f6lcs\u00f6t hozzon majd a csal\u00e1dnak.<br>5. Karant\u00e9n: a cserepes n\u00f6v\u00e9nyek kihozatal\u00e1val m\u00e9g \u00e9rdemes v\u00e1rni. Egy-egy hidegebb nap k\u00e1ros\u00edthatja \u0151ket.<\/p>\n\n\n\n<figure class=\"wp-block-image size-large is-resized\"><a href=\"http:\/\/foglegeszsegugy.videoton.hu\/wp-content\/uploads\/2020\/04\/karanten_a_kertben.png\"><img loading=\"lazy\" decoding=\"async\" src=\"http:\/\/foglegeszsegugy.videoton.hu\/wp-content\/uploads\/2020\/04\/karanten_a_kertben-881x1024.png\" alt=\"\" class=\"wp-image-571\" width=\"416\" height=\"484\" srcset=\"https:\/\/foglegeszsegugy.videoton.hu\/wp-content\/uploads\/2020\/04\/karanten_a_kertben-881x1024.png 881w, https:\/\/foglegeszsegugy.videoton.hu\/wp-content\/uploads\/2020\/04\/karanten_a_kertben-258x300.png 258w, https:\/\/foglegeszsegugy.videoton.hu\/wp-content\/uploads\/2020\/04\/karanten_a_kertben-768x893.png 768w, https:\/\/foglegeszsegugy.videoton.hu\/wp-content\/uploads\/2020\/04\/karanten_a_kertben-1321x1536.png 1321w, https:\/\/foglegeszsegugy.videoton.hu\/wp-content\/uploads\/2020\/04\/karanten_a_kertben-1762x2048.png 1762w\" sizes=\"auto, (max-width: 416px) 100vw, 416px\" \/><\/a><\/figure>\n","protected":false},"excerpt":{"rendered":"<p>1. Gyoml\u00e1l\u00e1s: ilyenkor a legegyszer\u0171bb elt\u00e1vol\u00edtani a fiatalabb gyomokat.2. \u00dcltet\u00e9s, magvet\u00e9s: a gyerekeknek is j\u00f3 m\u00f3ka a magvet\u00e9s. Elvethetj\u00fck a bors\u00f3, a paprika, a paradicsom magj\u00e1t, amibe a gyerekek is bekapcsol\u00f3dhatnak.3. \u00c1t\u00fcltet\u00e9s: a n\u00f6v\u00e9nyek szapor\u00edt\u00e1s\u00e1ra, sz\u00e9tv\u00e1laszt\u00e1s\u00e1ra vagy nagyobb helyre val\u00f3 telep\u00edt\u00e9s\u00e9re a tavasz az ide\u00e1lis id\u0151szak.4. Metsz\u00e9s: fontos, hogy kezelhet\u0151 m\u00e9ret\u0171 maradjon a n\u00f6v\u00e9ny \u00e9s [&hellip;]<\/p>\n","protected":false},"author":1,"featured_media":571,"comment_status":"open","ping_status":"open","sticky":false,"template":"","format":"standard","meta":{"footnotes":""},"categories":[4],"tags":[],"class_list":["post-920","post","type-post","status-publish","format-standard","has-post-thumbnail","hentry","category-tippek"],"_links":{"self":[{"href":"https:\/\/foglegeszsegugy.videoton.hu\/index.php\/wp-json\/wp\/v2\/posts\/920","targetHints":{"allow":["GET"]}}],"collection":[{"href":"https:\/\/foglegeszsegugy.videoton.hu\/index.php\/wp-json\/wp\/v2\/posts"}],"about":[{"href":"https:\/\/foglegeszsegugy.videoton.hu\/index.php\/wp-json\/wp\/v2\/types\/post"}],"author":[{"embeddable":true,"href":"https:\/\/foglegeszsegugy.videoton.hu\/index.php\/wp-json\/wp\/v2\/users\/1"}],"replies":[{"embeddable":true,"href":"https:\/\/foglegeszsegugy.videoton.hu\/index.php\/wp-json\/wp\/v2\/comments?post=920"}],"version-history":[{"count":5,"href":"https:\/\/foglegeszsegugy.videoton.hu\/index.php\/wp-json\/wp\/v2\/posts\/920\/revisions"}],"predecessor-version":[{"id":1138,"href":"https:\/\/foglegeszsegugy.videoton.hu\/index.php\/wp-json\/wp\/v2\/posts\/920\/revisions\/1138"}],"wp:featuredmedia":[{"embeddable":true,"href":"https:\/\/foglegeszsegugy.videoton.hu\/index.php\/wp-json\/wp\/v2\/media\/571"}],"wp:attachment":[{"href":"https:\/\/foglegeszsegugy.videoton.hu\/index.php\/wp-json\/wp\/v2\/media?parent=920"}],"wp:term":[{"taxonomy":"category","embeddable":true,"href":"https:\/\/foglegeszsegugy.videoton.hu\/index.php\/wp-json\/wp\/v2\/categories?post=920"},{"taxonomy":"post_tag","embeddable":true,"href":"https:\/\/foglegeszsegugy.videoton.hu\/index.php\/wp-json\/wp\/v2\/tags?post=920"}],"curies":[{"name":"wp","href":"https:\/\/api.w.org\/{rel}","templated":true}]}}